{"id":522,"date":"2026-09-01T11:58:33","date_gmt":"2026-09-01T09:58:33","guid":{"rendered":"https:\/\/speleo-soreze.fr\/?p=522"},"modified":"2026-09-01T23:35:42","modified_gmt":"2026-09-01T21:35:42","slug":"les-journees-nationales-de-la-speleologie-a-soreze-2026-samedi-3-et-dimanche-4-octobre-2026","status":"publish","type":"post","link":"https:\/\/speleo-soreze.fr\/index.php\/2026\/09\/01\/les-journees-nationales-de-la-speleologie-a-soreze-2026-samedi-3-et-dimanche-4-octobre-2026\/","title":{"rendered":"Les Journ\u00e9es Nationales de la Sp\u00e9l\u00e9ologie \u00e0 Sor\u00e8ze 2026: samedi 3 et dimanche 4 octobre 2026"},"content":{"rendered":"\n<p class=\"wp-block-paragraph\">Venez d\u00e9couvrir la sp\u00e9l\u00e9ologie sur le Causse de Sor\u00e8ze, les 3 et 4 octobre 2026, aux c\u00f4t\u00e9s des b\u00e9n\u00e9voles de la S.R.S.A.S.R.<\/p>\n\n\n\n<h2 class=\"wp-block-heading\">Programme<\/h2>\n\n\n\n<h3 class=\"wp-block-heading\">Samedi 3 octobre<\/h3>\n\n\n\n<ul class=\"wp-block-list\">\n<li><strong>Calel<\/strong>\u00a0\u2013 d\u00e9part\u00a0<strong>14 h<\/strong>\u00a0(rdv\u00a0<strong>1 h<\/strong>\u00a0avant) \u2013\u00a0<strong>8 personnes max<\/strong><br>Parcours sportif, environ\u00a0<strong>2 h sous terre<\/strong>. Grotte embl\u00e9matique du plateau, ancienne mine de fer, grands volumes.<\/li>\n\n\n\n<li><strong>Fendeille<\/strong>\u00a0\u2013 d\u00e9part\u00a0<strong>14 h<\/strong>\u00a0(rdv\u00a0<strong>1 h<\/strong>\u00a0avant) \u2013\u00a0<strong>8 personnes max<\/strong><br>Sportif : marche d\u2019approche \u00e0\u00a0<strong>pente raide<\/strong>\u00a0et\u00a0<strong>passages \u00e9troits<\/strong>. Belle grotte, beaux volumes.<\/li>\n\n\n\n<li><strong>Gours<\/strong>\u00a0\u2013\u00a0<strong>sans inscription<\/strong>. (\u00e0 partir de 6 ans) : 45 min Petite grotte d\u00e9couverte pour tous !<\/li>\n\n\n\n<li><a href=\"https:\/\/speleo-soreze.fr\/index.php\/2015\/09\/26\/decouvrez-le-sentier-karstique-de-soreze-entre-speleologie-et-archeologie\/\"><strong>Sentier karstique<\/strong>\u00a0<\/a>(ext\u00e9rieur)<\/li>\n\n\n\n<li><strong>Buvette sur place (Paiement uniquement en esp\u00e8ces)<\/strong><\/li>\n<\/ul>\n\n\n\n<h3 class=\"wp-block-heading\">Dimanche 4 octobre<\/h3>\n\n\n\n<ul class=\"wp-block-list\">\n<li><strong>Calel<\/strong>\u00a0\u2013 d\u00e9parts\u00a0<strong>10 h<\/strong>\u00a0et\u00a0<strong>14 h<\/strong>\u00a0(rdv\u00a0<strong>1 h<\/strong>\u00a0avant) \u2013\u00a0<strong>8 personnes max par d\u00e9part<\/strong>.<br>Parcours sportif, environ\u00a0<strong>2 h sous terre<\/strong>. Grotte embl\u00e9matique du plateau, ancienne mine de fer, grands volumes.<\/li>\n\n\n\n<li><strong>Fendeille<\/strong>\u00a0\u2013 d\u00e9parts\u00a0<strong>10 h<\/strong>\u00a0et\u00a0<strong>14 h<\/strong>\u00a0(rdv\u00a0<strong>1 h<\/strong>\u00a0avant) \u2013\u00a0<strong>8 personnes max par d\u00e9part<\/strong>.<br>Sportif : marche d\u2019approche \u00e0\u00a0<strong>pente raide<\/strong>\u00a0et\u00a0<strong>passages \u00e9troits<\/strong>. Belle grotte, beaux volumes..<\/li>\n\n\n\n<li><strong>Gours<\/strong>\u00a0\u2013\u00a0<strong>sans inscription<\/strong>. (\u00e0 partir de 6 ans) : 45 min Petite grotte d\u00e9couverte pour tous !<\/li>\n\n\n\n<li><strong><a href=\"https:\/\/speleo-soreze.fr\/index.php\/2015\/09\/26\/decouvrez-le-sentier-karstique-de-soreze-entre-speleologie-et-archeologie\/\">Sentier karstique<\/a><\/strong>\u00a0(ext\u00e9rieur).<\/li>\n\n\n\n<li><strong>Buvette sur place (Paiement uniquement en esp\u00e8ces)<\/strong><\/li>\n<\/ul>\n\n\n\n<h2 class=\"wp-block-heading\">Inscriptions et contacts<\/h2>\n\n\n\n<p class=\"wp-block-paragraph\"><strong>Calel&nbsp;<\/strong>et<strong>&nbsp;Fendeille : inscription obligatoire par t\u00e9l\u00e9phone<\/strong>&nbsp;(places limit\u00e9es, 8 personnes max par d\u00e9part).<\/p>\n\n\n\n<ul class=\"wp-block-list\">\n<li>Audrey Montagn\u00e9 :\u00a0<strong>06 28 96 67 16<\/strong><\/li>\n\n\n\n<li>Rebecca DUBOIS: <strong>\u200e06 15 29 52 26<\/strong><\/li>\n<\/ul>\n\n\n\n<p class=\"wp-block-paragraph\"><strong>Gours : sans inscription.<\/strong><\/p>\n\n\n\n<p class=\"has-text-align-center wp-block-paragraph\"><strong>Participation demand\u00e9e : 5 \u20ac\/personne <\/strong>(Paiement uniquement en esp\u00e8ces)<\/p>\n\n\n\n<h2 class=\"wp-block-heading\">\u00c9quipement requis<\/h2>\n\n\n\n<ul class=\"wp-block-list\">\n<li><strong>V\u00eatements chauds<\/strong>\u00a0<strong>qui peuvent se salir<\/strong>\u00a0(13 degr\u00e8s sous terre et 99% d\u2019humidit\u00e9)<\/li>\n\n\n\n<li><strong>Chaussures ferm\u00e9es de sport\/randonn\u00e9e ou bottes<\/strong><\/li>\n\n\n\n<li>Casques et \u00e9clairages pr\u00eat\u00e9s sur place<\/li>\n<\/ul>\n\n\n\n<p class=\"wp-block-paragraph\">Nous serons heureux de vous accueillir pour une d\u00e9couverte de certaines cavit\u00e9s locales.<\/p>\n\n\n\n<h2 class=\"wp-block-heading\">Lieu<\/h2>\n\n\n\n<p class=\"wp-block-paragraph\">Accueil sur le Causse de Sor\u00e8ze. Acc\u00e8s balis\u00e9 par petit panneau avec chauve souris rose fluo depuis la piste Pistre, en prenant la direction de la carri\u00e8re depuis Sor\u00e8ze :<br><a href=\"https:\/\/maps.app.goo.gl\/rV5Ths61AFL3aUMe8?utm_source=chatgpt.com\">https:\/\/maps.app.goo.gl\/rV5Ths61AFL3aUMe8<\/a><\/p>\n\n\n\n<div class=\"wp-block-group alignfull has-tertiary-background-color has-background has-global-padding is-layout-constrained wp-block-group-is-layout-constrained\" style=\"margin-top:0px;margin-bottom:0px;padding-top:var(--wp--preset--spacing--xx-large);padding-bottom:var(--wp--preset--spacing--xx-large)\">\n<div class=\"wp-block-group alignwide is-layout-flow wp-container-core-group-is-layout-c8108a87 wp-block-group-is-layout-flow\">\n<h2 class=\"wp-block-heading has-text-align-center has-x-large-font-size\">Inscrivez-vous !<\/h2>\n\n\n\n<div class=\"wp-block-columns is-layout-flex wp-container-core-columns-is-layout-7387b849 wp-block-columns-is-layout-flex\">\n<div class=\"wp-block-column is-layout-flow wp-block-column-is-layout-flow\"><\/div>\n\n\n\n<div class=\"wp-block-column is-layout-flow wp-block-column-is-layout-flow\" style=\"flex-basis:720px\">\n<p class=\"has-text-align-center wp-block-paragraph\" style=\"margin-top:var(--wp--preset--spacing--small)\">Il est n\u00e9cessaire de vous inscrire au pr\u00e9alable pour la grotte du Calel et Fendeille aupr\u00e8s de<strong> Audrey MONTAGN\u00c9<\/strong> ou <strong>Rebecca DUBOIS<\/strong><\/p>\n\n\n\n<div class=\"wp-block-buttons is-content-justification-center is-layout-flex wp-container-core-buttons-is-layout-1ea332ae wp-block-buttons-is-layout-flex\" style=\"margin-top:var(--wp--preset--spacing--medium)\">\n<div class=\"wp-block-button\"><a class=\"wp-block-button__link wp-element-button\" href=\"#\">Audrey MONTAGN\u00c9: <strong>06 28 96 67 16<\/strong><\/a><\/div>\n\n\n\n<div class=\"wp-block-button\"><a class=\"wp-block-button__link wp-element-button\">Rebecca DUBOIS: <strong>\u200e06 15 29 52 26<\/strong><\/a><\/div>\n<\/div>\n<\/div>\n\n\n\n<div class=\"wp-block-column is-layout-flow wp-block-column-is-layout-flow\"><\/div>\n<\/div>\n<\/div>\n<\/div>\n\n\n\n<p class=\"wp-block-paragraph\"><\/p>\n","protected":false},"excerpt":{"rendered":"<p>Venez d\u00e9couvrir la sp\u00e9l\u00e9ologie sur le Causse de Sor\u00e8ze, les 3 et 4 octobre 2026, aux c\u00f4t\u00e9s des b\u00e9n\u00e9voles de la S.R.S.A.S.R. Programme Samedi 3 octobre Dimanche 4 octobre Inscriptions et contacts Calel&nbsp;et&nbsp;Fendeille : inscription obligatoire par t\u00e9l\u00e9phone&nbsp;(places limit\u00e9es, 8 personnes max par d\u00e9part). Gours : sans inscription. Participation demand\u00e9e : 5 \u20ac\/personne (Paiement uniquement [&hellip;]<\/p>\n","protected":false},"author":1,"featured_media":312,"comment_status":"open","ping_status":"open","sticky":false,"template":"","format":"standard","meta":{"_monsterinsights_skip_tracking":false,"footnotes":""},"categories":[1],"tags":[],"class_list":["post-522","post","type-post","status-publish","format-standard","has-post-thumbnail","hentry","category-non-classe"],"_links":{"self":[{"href":"https:\/\/speleo-soreze.fr\/index.php\/wp-json\/wp\/v2\/posts\/522","targetHints":{"allow":["GET"]}}],"collection":[{"href":"https:\/\/speleo-soreze.fr\/index.php\/wp-json\/wp\/v2\/posts"}],"about":[{"href":"https:\/\/speleo-soreze.fr\/index.php\/wp-json\/wp\/v2\/types\/post"}],"author":[{"embeddable":true,"href":"https:\/\/speleo-soreze.fr\/index.php\/wp-json\/wp\/v2\/users\/1"}],"replies":[{"embeddable":true,"href":"https:\/\/speleo-soreze.fr\/index.php\/wp-json\/wp\/v2\/comments?post=522"}],"version-history":[{"count":4,"href":"https:\/\/speleo-soreze.fr\/index.php\/wp-json\/wp\/v2\/posts\/522\/revisions"}],"predecessor-version":[{"id":528,"href":"https:\/\/speleo-soreze.fr\/index.php\/wp-json\/wp\/v2\/posts\/522\/revisions\/528"}],"wp:featuredmedia":[{"embeddable":true,"href":"https:\/\/speleo-soreze.fr\/index.php\/wp-json\/wp\/v2\/media\/312"}],"wp:attachment":[{"href":"https:\/\/speleo-soreze.fr\/index.php\/wp-json\/wp\/v2\/media?parent=522"}],"wp:term":[{"taxonomy":"category","embeddable":true,"href":"https:\/\/speleo-soreze.fr\/index.php\/wp-json\/wp\/v2\/categories?post=522"},{"taxonomy":"post_tag","embeddable":true,"href":"https:\/\/speleo-soreze.fr\/index.php\/wp-json\/wp\/v2\/tags?post=522"}],"curies":[{"name":"wp","href":"https:\/\/api.w.org\/{rel}","templated":true}]}}